{"id":434,"date":"2011-09-17T21:42:46","date_gmt":"2011-09-17T19:42:46","guid":{"rendered":"http:\/\/www.labrador-henk.de\/wordpress\/?p=434"},"modified":"2011-09-17T21:55:45","modified_gmt":"2011-09-17T19:55:45","slug":"henks-formwert-drc","status":"publish","type":"post","link":"http:\/\/www.labrador-henk.de\/wordpress\/?p=434","title":{"rendered":"Henks Formwert \/ DRC"},"content":{"rendered":"<p>Heute sind wir nach L\u00fcneburg gefahren um uns der Beurteilung von Frau Assenmeyer-Feyel zu stellen (DRC). Wir sind so stolz, dass Henk mit &#8222;<em>vorz\u00fcglich<\/em>&#8220; beurteilt wurde.<\/p>\n<p><strong>Gesamtbeurteilung:<\/strong> <em>Gute Gr\u00f6\u00dfe, sehr maskuliner Kopf, mittelbraune Augen, sehr guter Behang, typischer Ausdruck, vorz\u00fcgliches Geb\u00e4ude, sch\u00f6ne Linien und Winkelungen, raumgreifende Bewegungen.<\/em><\/p>\n<p><strong>Kopf insgesamt:<\/strong> <em>kr\u00e4ftig\/ typisch<\/em><br \/>\n<strong>Oberkopf:<\/strong><em> breit\/ flach<\/em><br \/>\n<strong>Stop:<\/strong> <em>m\u00e4\u00dfig<\/em><br \/>\n<strong>Pigment:<\/strong> <em>kr\u00e4ftig<\/em><br \/>\n<strong>Auge:<\/strong> <strong>Form:<\/strong> <em>mittelgro\u00df\u00a0\u00a0\u00a0\u00a0<\/em> <strong>Farbe:<\/strong> <em>mittel\u00a0\u00a0<\/em>\u00a0\u00a0\u00a0\u00a0\u00a0\u00a0\u00a0 <strong>Ausdruck:<\/strong> <em>sanft \/ typisch<\/em><br \/>\n<strong>Oberlefzen:<\/strong> <em>sch\u00f6ner Bogen<\/em><br \/>\n<strong>Unterlefzen:<\/strong> <em>trocken, stark pigmentiert<\/em><br \/>\n<strong>Gebiss:<\/strong> <em>Schere, P4 unten rechts fehlt<\/em><br \/>\n<strong>Beh\u00e4nge:<\/strong> <em>korrekt\/ normal<\/em><br \/>\n<strong>Geb\u00e4ude insgesamt:<\/strong> <em>vorz\u00fcglich<\/em><br \/>\n<strong>Hals:<\/strong> <em>trocken \/ korrekt<\/em><br \/>\n<strong>Brust:<\/strong> <em>breit \/ korrekt<\/em><br \/>\n<strong>Vorbrust:<\/strong><em> gut<\/em><br \/>\n<strong>Lenden:<\/strong> <em>korrekt \/ kurz<\/em><br \/>\n<strong>R\u00fccken:<\/strong><em> gerade<\/em><br \/>\n<strong>Kruppe:<\/strong><em> leicht abfallend<\/em><br \/>\n<strong>Rute:<\/strong> <em>Ansatz gut \/ korrekt getragen \/ Otterrute<\/em><br \/>\n<strong>Knochenst\u00e4rke:<\/strong><em> gut<\/em><br \/>\n<strong>Vorhand-L\u00e4ufe:<\/strong> <em>gerade<\/em><br \/>\n<strong>Vorhandwinkelung:<\/strong> <em>korrekt<\/em><br \/>\n<strong>Ellenbogen:<\/strong><em> korrekt<\/em><br \/>\n<strong>Schulter:<\/strong> <em>schr\u00e4g<\/em><br \/>\n<strong>Hinterhand-L\u00e4ufe:<\/strong> <em>gut \/ korrekt<\/em><br \/>\n<strong>Pfoten:<\/strong> <em>Katzenpfoten<\/em><br \/>\n<strong>Gangwerk Vorderhand:<\/strong> <em>korrekt<\/em><br \/>\n<strong>Gangwerk Hinterhand:<\/strong><em> korrekt \/ raumgreifend<\/em><\/p>\n<p><em>Keine zuchtausschlie\u00dfenden Fehler<\/em><\/p>\n<p><em>Keine Auflagen<\/em><\/p>\n<p><strong>Schulterh\u00f6he:<\/strong> <em>58 cm<\/em><br \/>\n<strong>Deckhaar\/ Unterwolle:<\/strong> <em>ok<\/em><br \/>\n<strong>Kondition:<\/strong> <em>muskul\u00f6s<\/em><\/p>\n<p><strong>Verhalten w\u00e4hrend der Beurteilung:<\/strong> <em>aufdringlich, freundlich \/ zutraulich<\/em><\/p>\n<p>Ich freu mich sehr, ein bisschen Angst hatte ich vor dem Stellen. Das hatte ich nur f\u00fcr mich zu Hause ge\u00fcbt.<\/p>\nngg_shortcode_0_placeholder\n<p>&nbsp;<\/p>\n","protected":false},"excerpt":{"rendered":"<p>Heute sind wir nach L\u00fcneburg gefahren um uns der Beurteilung von Frau Assenmeyer-Feyel zu stellen (DRC). Wir sind so stolz, dass Henk mit &#8222;vorz\u00fcglich&#8220; beurteilt wurde. Gesamtbeurteilung: Gute Gr\u00f6\u00dfe, sehr maskuliner Kopf, mittelbraune Augen, sehr guter Behang, typischer Ausdruck, vorz\u00fcgliches &hellip; <a href=\"http:\/\/www.labrador-henk.de\/wordpress\/?p=434\">Weiterlesen <span class=\"meta-nav\">&rarr;<\/span><\/a><\/p>\n","protected":false},"author":1,"featured_media":0,"comment_status":"open","ping_status":"closed","sticky":false,"template":"","format":"standard","meta":{"ngg_post_thumbnail":0,"footnotes":""},"categories":[1],"tags":[],"class_list":["post-434","post","type-post","status-publish","format-standard","hentry","category-allgemein"],"_links":{"self":[{"href":"http:\/\/www.labrador-henk.de\/wordpress\/index.php?rest_route=\/wp\/v2\/posts\/434","targetHints":{"allow":["GET"]}}],"collection":[{"href":"http:\/\/www.labrador-henk.de\/wordpress\/index.php?rest_route=\/wp\/v2\/posts"}],"about":[{"href":"http:\/\/www.labrador-henk.de\/wordpress\/index.php?rest_route=\/wp\/v2\/types\/post"}],"author":[{"embeddable":true,"href":"http:\/\/www.labrador-henk.de\/wordpress\/index.php?rest_route=\/wp\/v2\/users\/1"}],"replies":[{"embeddable":true,"href":"http:\/\/www.labrador-henk.de\/wordpress\/index.php?rest_route=%2Fwp%2Fv2%2Fcomments&post=434"}],"version-history":[{"count":0,"href":"http:\/\/www.labrador-henk.de\/wordpress\/index.php?rest_route=\/wp\/v2\/posts\/434\/revisions"}],"wp:attachment":[{"href":"http:\/\/www.labrador-henk.de\/wordpress\/index.php?rest_route=%2Fwp%2Fv2%2Fmedia&parent=434"}],"wp:term":[{"taxonomy":"category","embeddable":true,"href":"http:\/\/www.labrador-henk.de\/wordpress\/index.php?rest_route=%2Fwp%2Fv2%2Fcategories&post=434"},{"taxonomy":"post_tag","embeddable":true,"href":"http:\/\/www.labrador-henk.de\/wordpress\/index.php?rest_route=%2Fwp%2Fv2%2Ftags&post=434"}],"curies":[{"name":"wp","href":"https:\/\/api.w.org\/{rel}","templated":true}]}}